{"id":58651,"date":"2018-12-07T08:00:35","date_gmt":"2018-12-07T07:00:35","guid":{"rendered":"http:\/\/www.summer-lee.com\/?p=58651"},"modified":"2018-12-06T19:25:51","modified_gmt":"2018-12-06T18:25:51","slug":"vasarely-special-im-holbeins-exklusiv-buchbar-ueber-opentable-werbung","status":"publish","type":"post","link":"https:\/\/www.summer-lee.com\/index.php\/2018\/12\/07\/vasarely-special-im-holbeins-exklusiv-buchbar-ueber-opentable-werbung\/","title":{"rendered":"Vasarely Special im Holbein\u2018s, exklusiv buchbar \u00fcber OpenTable | Werbung"},"content":{"rendered":"<p>Eventuell sagt dir der Name &#8222;Vasarely&#8220; im ersten Augenblick nichts &#8211; aber ich bin mir sicher, du kennst seine Werke. Victor Vasarely ist ein Hauptvertreter der europ\u00e4ischen Op-Art und zentrale Figur der franz\u00f6sischen Nachkriegskunst.\u00a0Jetzt hat das St\u00e4del dem ungarisch-franz\u00f6sischen Maler eine gro\u00dfe Ausstellung gewidmet und passend zu dieser Ausstellung hat sich der\u00a0K\u00fcchenchef des Holbein&#8217;s, Patrick Grossmayer, vom K\u00fcnstler inspirieren lassen und\u00a0ein\u00a03-G\u00e4nge Men\u00fc gezaubert. In diesem Men\u00fc treffen die ungarischen Wurzeln des K\u00fcnstlers auf die Traditionen von Frankreich, seiner Wahlheimat. Buchbar ist das <strong><a href=\"https:\/\/www.opentable.de\/holbeins-restaurant\" target=\"_blank\" rel=\"noopener\">Vaserely-Special exklusiv \u00fcber die Plattform OpenTable\u00a0bis\u00a0zum\u00a019.\u00a0Januar\u00a02019<\/a><\/strong>.<\/p>\n<p><img loading=\"lazy\" class=\"wp-image-58676 size-full\" src=\"https:\/\/i2.wp.com\/www.summer-lee.com\/wp-content\/uploads\/2018\/12\/pc022772.jpg?resize=1050%2C1575\" width=\"1050\" height=\"1575\" srcset=\"https:\/\/i2.wp.com\/www.summer-lee.com\/wp-content\/uploads\/2018\/12\/pc022772.jpg?w=3022&amp;ssl=1 3022w, https:\/\/i2.wp.com\/www.summer-lee.com\/wp-content\/uploads\/2018\/12\/pc022772.jpg?resize=200%2C300&amp;ssl=1 200w, https:\/\/i2.wp.com\/www.summer-lee.com\/wp-content\/uploads\/2018\/12\/pc022772.jpg?resize=768%2C1152&amp;ssl=1 768w, https:\/\/i2.wp.com\/www.summer-lee.com\/wp-content\/uploads\/2018\/12\/pc022772.jpg?resize=683%2C1024&amp;ssl=1 683w, https:\/\/i2.wp.com\/www.summer-lee.com\/wp-content\/uploads\/2018\/12\/pc022772.jpg?resize=1200%2C1800&amp;ssl=1 1200w, https:\/\/i2.wp.com\/www.summer-lee.com\/wp-content\/uploads\/2018\/12\/pc022772.jpg?w=2100 2100w\" sizes=\"(max-width: 1050px) 100vw, 1050px\" data-recalc-dims=\"1\" \/><\/p>\n<blockquote><p><a href=\"https:\/\/www.meyer-frankfurt.de\/restaurants\/holbeins-restaurant-im-staedel\/\" target=\"_blank\" rel=\"noopener\">Holbein\u2019s Restaurant im St\u00e4del, <\/a><a href=\"https:\/\/www.meyer-frankfurt.de\/restaurants\/holbeins-restaurant-im-staedel\/\" target=\"_blank\" rel=\"noopener\"><span class=\"LrzXr\">Holbeinstra\u00dfe 1, 60596 Frankfurt am Main, <\/span><\/a><a href=\"https:\/\/www.meyer-frankfurt.de\/restaurants\/holbeins-restaurant-im-staedel\/\" target=\"_blank\" rel=\"noopener\"><span class=\"LrzXr\"><span class=\"w8qArf\">Telefon: <\/span><\/span><\/a><a href=\"https:\/\/www.meyer-frankfurt.de\/restaurants\/holbeins-restaurant-im-staedel\/\" target=\"_blank\" rel=\"noopener\"><span class=\"LrzXr\"><span class=\"LrzXr zdqRlf kno-fv\">069-66056666<\/span><\/span><\/a><\/p><\/blockquote>\n<h5 data-ved=\"2ahUKEwj3n43T1YPfAhXCKewKHQE5AdkQ3B0oADALegQIBhAN\" data-dtype=\"d3ifr\" data-local-attribute=\"d3bn\">OpenTable<\/h5>\n<p>OpenTable arbeitet weltweit mit \u00fcber 47.000 Restaurants zusammen und ist die f\u00fchrende Online-Plattform unter den vielen Anbietern von online Restaurant-Reservierungen. Mit wenigen Klicks kann man hier ganz bequem und ohne Stress einen Tisch reservieren. Ich pers\u00f6nlich nutze OpenTable besonders gerne im Ausland. So\u00a0kann man das Telefongespr\u00e4ch\u00a0und die damit verbundenen Kosten umgehen &#8211; ich Fuchs, oder?\u00a0Seit Ende letzten Jahres gibt es via OpenTable nun auch die M\u00f6glichkeit, kulinarische Erlebnisse in Form von besonderen Men\u00fcs und\/oder saisonalen Speise-Highlights\u00a0&#8211; sogenannte &#8222;Specials&#8220; &#8211; direkt online zu reservieren. F\u00fcr mich die beste Gelegenheit,\u00a0aus meiner Comfort Zone heraus zu treten und mal wieder etwas neues auszuprobieren.\u00a0Alle<strong> <a href=\"https:\/\/www.opentable.de\/frankfurt-restaurants\" target=\"_blank\" rel=\"noopener\">Special-Angebote f\u00fcr die Stadt Frankfurt zum Beispiel findet ihr hier<\/a><\/strong>.<\/p>\n<h5>Vasarely-Special<\/h5>\n<p><img loading=\"lazy\" class=\"size-full wp-image-58677\" src=\"https:\/\/i1.wp.com\/www.summer-lee.com\/wp-content\/uploads\/2018\/12\/pc022784.jpg?resize=1050%2C1575\" width=\"1050\" height=\"1575\" srcset=\"https:\/\/i1.wp.com\/www.summer-lee.com\/wp-content\/uploads\/2018\/12\/pc022784.jpg?w=3072&amp;ssl=1 3072w, https:\/\/i1.wp.com\/www.summer-lee.com\/wp-content\/uploads\/2018\/12\/pc022784.jpg?resize=200%2C300&amp;ssl=1 200w, https:\/\/i1.wp.com\/www.summer-lee.com\/wp-content\/uploads\/2018\/12\/pc022784.jpg?resize=768%2C1152&amp;ssl=1 768w, https:\/\/i1.wp.com\/www.summer-lee.com\/wp-content\/uploads\/2018\/12\/pc022784.jpg?resize=683%2C1024&amp;ssl=1 683w, https:\/\/i1.wp.com\/www.summer-lee.com\/wp-content\/uploads\/2018\/12\/pc022784.jpg?resize=1200%2C1800&amp;ssl=1 1200w, https:\/\/i1.wp.com\/www.summer-lee.com\/wp-content\/uploads\/2018\/12\/pc022784.jpg?w=2100 2100w\" sizes=\"(max-width: 1050px) 100vw, 1050px\" data-recalc-dims=\"1\" \/><img loading=\"lazy\" class=\"wp-image-58678 size-full\" src=\"https:\/\/i2.wp.com\/www.summer-lee.com\/wp-content\/uploads\/2018\/12\/pc022776.jpg?resize=1050%2C1575\" width=\"1050\" height=\"1575\" srcset=\"https:\/\/i2.wp.com\/www.summer-lee.com\/wp-content\/uploads\/2018\/12\/pc022776.jpg?w=3072&amp;ssl=1 3072w, https:\/\/i2.wp.com\/www.summer-lee.com\/wp-content\/uploads\/2018\/12\/pc022776.jpg?resize=200%2C300&amp;ssl=1 200w, https:\/\/i2.wp.com\/www.summer-lee.com\/wp-content\/uploads\/2018\/12\/pc022776.jpg?resize=768%2C1152&amp;ssl=1 768w, https:\/\/i2.wp.com\/www.summer-lee.com\/wp-content\/uploads\/2018\/12\/pc022776.jpg?resize=683%2C1024&amp;ssl=1 683w, https:\/\/i2.wp.com\/www.summer-lee.com\/wp-content\/uploads\/2018\/12\/pc022776.jpg?resize=1200%2C1800&amp;ssl=1 1200w, https:\/\/i2.wp.com\/www.summer-lee.com\/wp-content\/uploads\/2018\/12\/pc022776.jpg?w=2100 2100w\" sizes=\"(max-width: 1050px) 100vw, 1050px\" data-recalc-dims=\"1\" \/><\/p>\n<p><img loading=\"lazy\" class=\"size-full wp-image-58674\" src=\"https:\/\/i1.wp.com\/www.summer-lee.com\/wp-content\/uploads\/2018\/12\/1544102077451.jpg?resize=1050%2C700\" width=\"1050\" height=\"700\" srcset=\"https:\/\/i1.wp.com\/www.summer-lee.com\/wp-content\/uploads\/2018\/12\/1544102077451.jpg?w=4096&amp;ssl=1 4096w, https:\/\/i1.wp.com\/www.summer-lee.com\/wp-content\/uploads\/2018\/12\/1544102077451.jpg?resize=300%2C200&amp;ssl=1 300w, https:\/\/i1.wp.com\/www.summer-lee.com\/wp-content\/uploads\/2018\/12\/1544102077451.jpg?resize=768%2C512&amp;ssl=1 768w, https:\/\/i1.wp.com\/www.summer-lee.com\/wp-content\/uploads\/2018\/12\/1544102077451.jpg?resize=1024%2C683&amp;ssl=1 1024w, https:\/\/i1.wp.com\/www.summer-lee.com\/wp-content\/uploads\/2018\/12\/1544102077451.jpg?resize=1200%2C800&amp;ssl=1 1200w, https:\/\/i1.wp.com\/www.summer-lee.com\/wp-content\/uploads\/2018\/12\/1544102077451.jpg?w=2100 2100w, https:\/\/i1.wp.com\/www.summer-lee.com\/wp-content\/uploads\/2018\/12\/1544102077451.jpg?w=3150 3150w\" sizes=\"(max-width: 1050px) 100vw, 1050px\" data-recalc-dims=\"1\" \/><\/p>\n<p>Wie bereits erw\u00e4hnt hat das St\u00e4del Museum nun dem ungarisch-franz\u00f6sischen Maler eine gro\u00dfe Ausstellung gewidmet. Die Besucher k\u00f6nnen, ausgehend von den gro\u00dfen Erfolgen\u00a01970, r\u00fcckw\u00e4rts durch das Lebenswerk von Vasarely wandeln und seine Entwicklung vom kuriosen Grafiker zur absoluten Design-Legende nachvollziehen.\u00a0Ein Restaurantbesuch im Holbein&#8217;s k\u00f6nnte der perfekte Abschluss f\u00fcr ein Tag voller Kunst und Kultur sein. Um das Thema &#8222;Vasarely&#8220; aufzugreifen hat\u00a0sich K\u00fcchenchef Patrick Grossmayer von Vasarelys Biographie inspirieren lassen. Er kombiniert ungarische Klassiker mit franz\u00f6sischer K\u00fcchentradition. Deftiges Essen, fein interpretiert &#8211; genau so wie ich es mag!\u00a0Als Vorspeise\u00a0gibt es ger\u00e4ucherte Barbarie-Entenbrust mit karamellisiertem Ziegenk\u00e4se, Portwein, Feige und Feldsalat. Sehr leckerer Start. Das Hauptgericht, ein Saltimbocca-Seeteufel auf Szegediner Paprikakraut und Kartoffelstampf. Der Seeteufel erinnert mich\u00a0etwas an Hummer &#8211; super zart und dennoch fest\u00a0in der Konsistenz.\u00a0Zum Nachtisch gibt es eine Esterh\u00e1zy-Schnitte, eine Cremetorte, die zu Beginn des 20. Jahrhunderts in Ungarn erfunden wurde. Serviert wird die Schnitte, die durchaus sehr gl\u00fccklich macht, mit einer Portion Zitrusfr\u00fcchteragout\u00a0und einem leichten Sorbet. Das leicht s\u00e4uerliche passt hervorragend zu der intensiven S\u00fc\u00dfe der Schnitte. Die einzelnen Geschm\u00e4cker erg\u00e4nzen sich wundervoll.<\/p>\n<p>Das drei G\u00e4nge Men\u00fc inklusive einem Ticket zur Vasarely-Ausstellung kostet 60 Euro pro Person und 50 Euro pro Person ohne das Museumticket. Ein reduziertes Zwei-G\u00e4nge-Men\u00fc gibt es zur Mittagszeit f\u00fcr 38 Euro. Das Vasarely-Men\u00fc ist \u00fcbrigens das erste, exklusive OpenTable-Men\u00fc in Frankfurt. In anderen St\u00e4dten wie London oder New York gibt es solche Online-Exclusives bereits \u00f6fters, aber auch in Frankfurt soll das Angebot ausgebaut werden. Wer nun Interesse bekommen hat, das Men\u00fc selbst auszutesten,<strong> <a href=\"https:\/\/www.opentable.de\/holbeins-restaurant\" target=\"_blank\" rel=\"noopener\">der schaut am besten direkt hier vorbei<\/a>.<\/strong><\/p>\n<p>Love,<\/p>\n<p>Summer<\/p>\n","protected":false},"excerpt":{"rendered":"<p>Eventuell sagt dir der Name &#8222;Vasarely&#8220; im ersten Augenblick nichts &#8211; aber ich bin mir sicher, du kennst seine Werke. Victor Vasarely ist ein Hauptvertreter der europ\u00e4ischen Op-Art und zentrale Figur der franz\u00f6sischen Nachkriegskunst.\u00a0Jetzt hat das St\u00e4del dem ungarisch-franz\u00f6sischen Maler eine gro\u00dfe Ausstellung gewidmet und passend zu dieser Ausstellung hat sich der\u00a0K\u00fcchenchef des Holbein&#8217;s, Patrick &#8230;<\/p>\n","protected":false},"author":1,"featured_media":58676,"comment_status":"open","ping_status":"open","sticky":false,"template":"","format":"standard","meta":{"spay_email":""},"categories":[444,156],"tags":[668,720,721],"jetpack_featured_media_url":"https:\/\/i2.wp.com\/www.summer-lee.com\/wp-content\/uploads\/2018\/12\/pc022772.jpg?fit=3022%2C4534&ssl=1","_links":{"self":[{"href":"https:\/\/www.summer-lee.com\/index.php\/wp-json\/wp\/v2\/posts\/58651"}],"collection":[{"href":"https:\/\/www.summer-lee.com\/index.php\/wp-json\/wp\/v2\/posts"}],"about":[{"href":"https:\/\/www.summer-lee.com\/index.php\/wp-json\/wp\/v2\/types\/post"}],"author":[{"embeddable":true,"href":"https:\/\/www.summer-lee.com\/index.php\/wp-json\/wp\/v2\/users\/1"}],"replies":[{"embeddable":true,"href":"https:\/\/www.summer-lee.com\/index.php\/wp-json\/wp\/v2\/comments?post=58651"}],"version-history":[{"count":10,"href":"https:\/\/www.summer-lee.com\/index.php\/wp-json\/wp\/v2\/posts\/58651\/revisions"}],"predecessor-version":[{"id":58681,"href":"https:\/\/www.summer-lee.com\/index.php\/wp-json\/wp\/v2\/posts\/58651\/revisions\/58681"}],"wp:featuredmedia":[{"embeddable":true,"href":"https:\/\/www.summer-lee.com\/index.php\/wp-json\/wp\/v2\/media\/58676"}],"wp:attachment":[{"href":"https:\/\/www.summer-lee.com\/index.php\/wp-json\/wp\/v2\/media?parent=58651"}],"wp:term":[{"taxonomy":"category","embeddable":true,"href":"https:\/\/www.summer-lee.com\/index.php\/wp-json\/wp\/v2\/categories?post=58651"},{"taxonomy":"post_tag","embeddable":true,"href":"https:\/\/www.summer-lee.com\/index.php\/wp-json\/wp\/v2\/tags?post=58651"}],"curies":[{"name":"wp","href":"https:\/\/api.w.org\/{rel}","templated":true}]}}