{"id":56289,"date":"2017-06-06T09:00:02","date_gmt":"2017-06-06T07:00:02","guid":{"rendered":"http:\/\/www.summer-lee.com\/?p=56289\/"},"modified":"2017-06-03T22:07:17","modified_gmt":"2017-06-03T20:07:17","slug":"the-carecut-kpochs-frankfurt-am-main-myzeil","status":"publish","type":"post","link":"https:\/\/www.summer-lee.com\/index.php\/2017\/06\/06\/the-carecut-kpochs-frankfurt-am-main-myzeil\/","title":{"rendered":"The Carecut &#8211; KpOchs Frankfurt am Main, MyZeil"},"content":{"rendered":"<p>Ich geh\u00f6re nicht zu den Menschen, die regelm\u00e4\u00dfig zum Friseur gehen &#8211; und das nur aus einem einzigen Grund: ich m\u00f6chte\u00a0lange Haare haben. Jajaja&#8230; ich h\u00f6re euren Protest bis hierher. Ist ja schon gut: ihr habt recht! Meine Einstellung ist nat\u00fcrlich total bl\u00f6d.\u00a0Denn wer lange, gesunde Haare haben m\u00f6chte, der muss nicht nur einiges in die Pflege stecken, sondern auch regelm\u00e4\u00dfig zum Friseur spazieren. Meine Haare sind also zwar lang, aber nicht wirklich gesund. Die Haarspitzen sind rau und f\u00fchlen sich sehr sandig an. Nicht sehr angenehm. Der Gang zum Friseur f\u00fchlt sich daher immer ein bisschen nach einem Walk of Shame an. Ich wei\u00df genau, was der Friseur &#8211; in der Regel ein Liebhaber von gesunden Haaren &#8211; beim Anblick meiner kaputten Spitzen denken muss. Selber Schuld, da muss ich dann eben\u00a0durch.<\/p>\n<p><a href=\"https:\/\/i1.wp.com\/www.summer-lee.com\/wp-content\/uploads\/2017\/06\/snapseed-126.jpg\"><img loading=\"lazy\" class=\"size-full wp-image-56498 aligncenter\" src=\"https:\/\/i1.wp.com\/www.summer-lee.com\/wp-content\/uploads\/2017\/06\/snapseed-126.jpg?resize=1050%2C700\" alt=\"\" width=\"1050\" height=\"700\" srcset=\"https:\/\/i1.wp.com\/www.summer-lee.com\/wp-content\/uploads\/2017\/06\/snapseed-126.jpg?w=4608&amp;ssl=1 4608w, https:\/\/i1.wp.com\/www.summer-lee.com\/wp-content\/uploads\/2017\/06\/snapseed-126.jpg?resize=300%2C200&amp;ssl=1 300w, https:\/\/i1.wp.com\/www.summer-lee.com\/wp-content\/uploads\/2017\/06\/snapseed-126.jpg?resize=768%2C512&amp;ssl=1 768w, https:\/\/i1.wp.com\/www.summer-lee.com\/wp-content\/uploads\/2017\/06\/snapseed-126.jpg?resize=1024%2C683&amp;ssl=1 1024w, https:\/\/i1.wp.com\/www.summer-lee.com\/wp-content\/uploads\/2017\/06\/snapseed-126.jpg?resize=1200%2C800&amp;ssl=1 1200w, https:\/\/i1.wp.com\/www.summer-lee.com\/wp-content\/uploads\/2017\/06\/snapseed-126.jpg?w=2100 2100w, https:\/\/i1.wp.com\/www.summer-lee.com\/wp-content\/uploads\/2017\/06\/snapseed-126.jpg?w=3150 3150w\" sizes=\"(max-width: 1050px) 100vw, 1050px\" data-recalc-dims=\"1\" \/><\/a><br \/>\nVor einigen Wochen war ich dann doch mal wieder beim Friseur. Genauer gesagt bei kpOchs \u00a0Colorcircle im MyZeil Frankfurt. Dort habe ich mir beim super lieben und talentierten Phillip die Spitzen mit der Carecut Technik schneiden lassen. Diese Technik wurde extra f\u00fcr langes Haar entwickelt. Denn wie bereits oben erw\u00e4hnt, je l\u00e4nger das Haar ist, desto mehr ist es den unterschiedlichsten Einfl\u00fcssen wie UV-Strahlung, mechanischer oder chemischer Belastung wie F\u00f6hnen, Gl\u00e4tten oder F\u00e4rben ausgesetzt. Daher\u00a0sind die Spitzen dann oft kraftlos, d\u00fcnn und spr\u00f6de. Das Resultat ist sicherlich allen bekannt: Spliss. Carecut soll genau dem entgegen wirken. Durch das elektrische Erw\u00e4rmen\u00a0der Schere sollen die Haarspitzen bei jedem Haarschnitt neu versiegelt werden. Somit bleiben die nat\u00fcrlichen Feuchtigkeits- und Pflegesubstanzen im Haar erhalten. Das pflegt das Haar und gibt ihm Kraft und Widerstandsf\u00e4higkeit, damit es gesund und sch\u00f6n aussieht. Das Haar soll robuster nachwachsen. <span style=\"color: #999999;\"><a style=\"color: #999999;\" href=\"http:\/\/www.carecut.com\/de\/der-schnitt\/die-revolution\/\" target=\"_blank\" rel=\"noopener noreferrer\">Genauere Informationen zu der Technik selbst bekommt ihr zum Beispiel hier<\/a><\/span>.<\/p>\n<p><a href=\"https:\/\/i1.wp.com\/www.summer-lee.com\/wp-content\/uploads\/2017\/06\/snapseed-127.jpg\"><img loading=\"lazy\" class=\"size-full wp-image-56499 aligncenter\" src=\"https:\/\/i1.wp.com\/www.summer-lee.com\/wp-content\/uploads\/2017\/06\/snapseed-127.jpg?resize=1050%2C1400\" alt=\"\" width=\"1050\" height=\"1400\" srcset=\"https:\/\/i1.wp.com\/www.summer-lee.com\/wp-content\/uploads\/2017\/06\/snapseed-127.jpg?w=3024&amp;ssl=1 3024w, https:\/\/i1.wp.com\/www.summer-lee.com\/wp-content\/uploads\/2017\/06\/snapseed-127.jpg?resize=225%2C300&amp;ssl=1 225w, https:\/\/i1.wp.com\/www.summer-lee.com\/wp-content\/uploads\/2017\/06\/snapseed-127.jpg?resize=768%2C1024&amp;ssl=1 768w, https:\/\/i1.wp.com\/www.summer-lee.com\/wp-content\/uploads\/2017\/06\/snapseed-127.jpg?resize=1200%2C1600&amp;ssl=1 1200w, https:\/\/i1.wp.com\/www.summer-lee.com\/wp-content\/uploads\/2017\/06\/snapseed-127.jpg?w=2100 2100w\" sizes=\"(max-width: 1050px) 100vw, 1050px\" data-recalc-dims=\"1\" \/><\/a><br \/>\nIch war sehr zufrieden mit dem Resultat und habe das Ergebnis so geliebt! Ich konnte gar nicht mehr aufh\u00f6ren, mir durch die Haare zu fahren und die Str\u00e4hnen\u00a0durch die Finger gleiten zu lassen. Von meinem Spliss war weit und breit keine Spur mehr. Das Ergebnis h\u00e4lt mit der richtigen Pflege auch ein paar Wochen an. Bei mir hat sich aber nach knapp einem Monat wieder der Spliss zur\u00fcck gemeldet\u00a0&#8211; allerdings lasse ich meine Haare auch nie an der Luft trocknen, sondern f\u00f6hne sie immer trocken und gl\u00e4tte sie nach jedem Waschen (sprich alle 2-3 Tage). Das greift das Haar nat\u00fcrlich ungemein an. Ich wei\u00df also\u00a0nicht, wie sich das bei anderen M\u00e4dels verh\u00e4lt, die zum Beispiel sehr viel mehr Arbeit in die Haarpflege stecken. Nichts desto trotz w\u00fcrde ich mir wieder meine Haare mit der Technik schneiden lassen, auch wenn diese Technik ein kleines bisschen teurer ist als der regul\u00e4re Schnitt mit der normalen Schere. Und ich habe mir felsenfest vorgenommen, dass ich doch mal \u00f6fters beim Friseur aufkreuzen werde (Lieber Phillip, k\u00f6nnen wir dann mal bitte \u00fcber eine neue Farbe f\u00fcr meine Haare sprechen?).\u00a0<a href=\"http:\/\/www.carecut.com\/de\/carecut-salon-finden\/\" target=\"_blank\" rel=\"noopener noreferrer\"><span style=\"color: #999999;\">Wenn ihr die neue Technik ebenfalls mal ausprobieren m\u00f6chtet, dann k\u00f6nnt ihr hier nachschauen, ob in eurer N\u00e4he ebenfalls ein Salon den Carecut anbietet<\/span>.<\/a><\/p>\n<p><a href=\"https:\/\/i0.wp.com\/www.summer-lee.com\/wp-content\/uploads\/2017\/05\/snapseed-68.jpg\"><img loading=\"lazy\" class=\"size-full wp-image-56287 aligncenter\" src=\"https:\/\/i0.wp.com\/www.summer-lee.com\/wp-content\/uploads\/2017\/05\/snapseed-68.jpg?resize=1050%2C700\" alt=\"\" width=\"1050\" height=\"700\" srcset=\"https:\/\/i0.wp.com\/www.summer-lee.com\/wp-content\/uploads\/2017\/05\/snapseed-68.jpg?w=4596&amp;ssl=1 4596w, https:\/\/i0.wp.com\/www.summer-lee.com\/wp-content\/uploads\/2017\/05\/snapseed-68.jpg?resize=300%2C200&amp;ssl=1 300w, https:\/\/i0.wp.com\/www.summer-lee.com\/wp-content\/uploads\/2017\/05\/snapseed-68.jpg?resize=768%2C512&amp;ssl=1 768w, https:\/\/i0.wp.com\/www.summer-lee.com\/wp-content\/uploads\/2017\/05\/snapseed-68.jpg?resize=1024%2C683&amp;ssl=1 1024w, https:\/\/i0.wp.com\/www.summer-lee.com\/wp-content\/uploads\/2017\/05\/snapseed-68.jpg?resize=1200%2C800&amp;ssl=1 1200w, https:\/\/i0.wp.com\/www.summer-lee.com\/wp-content\/uploads\/2017\/05\/snapseed-68.jpg?w=2100 2100w, https:\/\/i0.wp.com\/www.summer-lee.com\/wp-content\/uploads\/2017\/05\/snapseed-68.jpg?w=3150 3150w\" sizes=\"(max-width: 1050px) 100vw, 1050px\" data-recalc-dims=\"1\" \/><\/a><\/p>\n<p><a href=\"https:\/\/i1.wp.com\/www.summer-lee.com\/wp-content\/uploads\/2017\/06\/snapseed-125.jpg\"><img loading=\"lazy\" class=\"size-full wp-image-56497 aligncenter\" src=\"https:\/\/i1.wp.com\/www.summer-lee.com\/wp-content\/uploads\/2017\/06\/snapseed-125.jpg?resize=1050%2C700\" alt=\"\" width=\"1050\" height=\"700\" srcset=\"https:\/\/i1.wp.com\/www.summer-lee.com\/wp-content\/uploads\/2017\/06\/snapseed-125.jpg?w=4608&amp;ssl=1 4608w, https:\/\/i1.wp.com\/www.summer-lee.com\/wp-content\/uploads\/2017\/06\/snapseed-125.jpg?resize=300%2C200&amp;ssl=1 300w, https:\/\/i1.wp.com\/www.summer-lee.com\/wp-content\/uploads\/2017\/06\/snapseed-125.jpg?resize=768%2C512&amp;ssl=1 768w, https:\/\/i1.wp.com\/www.summer-lee.com\/wp-content\/uploads\/2017\/06\/snapseed-125.jpg?resize=1024%2C683&amp;ssl=1 1024w, https:\/\/i1.wp.com\/www.summer-lee.com\/wp-content\/uploads\/2017\/06\/snapseed-125.jpg?resize=1200%2C800&amp;ssl=1 1200w, https:\/\/i1.wp.com\/www.summer-lee.com\/wp-content\/uploads\/2017\/06\/snapseed-125.jpg?w=2100 2100w, https:\/\/i1.wp.com\/www.summer-lee.com\/wp-content\/uploads\/2017\/06\/snapseed-125.jpg?w=3150 3150w\" sizes=\"(max-width: 1050px) 100vw, 1050px\" data-recalc-dims=\"1\" \/><\/a><\/p>\n<p><img loading=\"lazy\" class=\"size-full wp-image-56286 aligncenter\" src=\"https:\/\/i1.wp.com\/www.summer-lee.com\/wp-content\/uploads\/2017\/05\/snapseed-67.jpg?resize=1050%2C700\" alt=\"\" width=\"1050\" height=\"700\" srcset=\"https:\/\/i1.wp.com\/www.summer-lee.com\/wp-content\/uploads\/2017\/05\/snapseed-67.jpg?w=4502&amp;ssl=1 4502w, https:\/\/i1.wp.com\/www.summer-lee.com\/wp-content\/uploads\/2017\/05\/snapseed-67.jpg?resize=300%2C200&amp;ssl=1 300w, https:\/\/i1.wp.com\/www.summer-lee.com\/wp-content\/uploads\/2017\/05\/snapseed-67.jpg?resize=768%2C512&amp;ssl=1 768w, https:\/\/i1.wp.com\/www.summer-lee.com\/wp-content\/uploads\/2017\/05\/snapseed-67.jpg?resize=1024%2C683&amp;ssl=1 1024w, https:\/\/i1.wp.com\/www.summer-lee.com\/wp-content\/uploads\/2017\/05\/snapseed-67.jpg?resize=1200%2C800&amp;ssl=1 1200w, https:\/\/i1.wp.com\/www.summer-lee.com\/wp-content\/uploads\/2017\/05\/snapseed-67.jpg?w=2100 2100w, https:\/\/i1.wp.com\/www.summer-lee.com\/wp-content\/uploads\/2017\/05\/snapseed-67.jpg?w=3150 3150w\" sizes=\"(max-width: 1050px) 100vw, 1050px\" data-recalc-dims=\"1\" \/><\/p>\n<p>Love,<\/p>\n<p>Summer<\/p>\n","protected":false},"excerpt":{"rendered":"<p>Ich geh\u00f6re nicht zu den Menschen, die regelm\u00e4\u00dfig zum Friseur gehen &#8211; und das nur aus einem einzigen Grund: ich m\u00f6chte\u00a0lange Haare haben. Jajaja&#8230; ich h\u00f6re euren Protest bis hierher. Ist ja schon gut: ihr habt recht! Meine Einstellung ist nat\u00fcrlich total bl\u00f6d.\u00a0Denn wer lange, gesunde Haare haben m\u00f6chte, der muss nicht nur einiges in &#8230;<\/p>\n","protected":false},"author":1,"featured_media":56291,"comment_status":"open","ping_status":"open","sticky":false,"template":"","format":"standard","meta":{"spay_email":""},"categories":[135,156],"tags":[640],"jetpack_featured_media_url":"https:\/\/i1.wp.com\/www.summer-lee.com\/wp-content\/uploads\/2017\/05\/snapseed-70.jpg?fit=4502%2C3002&ssl=1","_links":{"self":[{"href":"https:\/\/www.summer-lee.com\/index.php\/wp-json\/wp\/v2\/posts\/56289"}],"collection":[{"href":"https:\/\/www.summer-lee.com\/index.php\/wp-json\/wp\/v2\/posts"}],"about":[{"href":"https:\/\/www.summer-lee.com\/index.php\/wp-json\/wp\/v2\/types\/post"}],"author":[{"embeddable":true,"href":"https:\/\/www.summer-lee.com\/index.php\/wp-json\/wp\/v2\/users\/1"}],"replies":[{"embeddable":true,"href":"https:\/\/www.summer-lee.com\/index.php\/wp-json\/wp\/v2\/comments?post=56289"}],"version-history":[{"count":14,"href":"https:\/\/www.summer-lee.com\/index.php\/wp-json\/wp\/v2\/posts\/56289\/revisions"}],"predecessor-version":[{"id":56501,"href":"https:\/\/www.summer-lee.com\/index.php\/wp-json\/wp\/v2\/posts\/56289\/revisions\/56501"}],"wp:featuredmedia":[{"embeddable":true,"href":"https:\/\/www.summer-lee.com\/index.php\/wp-json\/wp\/v2\/media\/56291"}],"wp:attachment":[{"href":"https:\/\/www.summer-lee.com\/index.php\/wp-json\/wp\/v2\/media?parent=56289"}],"wp:term":[{"taxonomy":"category","embeddable":true,"href":"https:\/\/www.summer-lee.com\/index.php\/wp-json\/wp\/v2\/categories?post=56289"},{"taxonomy":"post_tag","embeddable":true,"href":"https:\/\/www.summer-lee.com\/index.php\/wp-json\/wp\/v2\/tags?post=56289"}],"curies":[{"name":"wp","href":"https:\/\/api.w.org\/{rel}","templated":true}]}}