{"id":50215,"date":"2013-08-31T10:00:00","date_gmt":"2013-08-31T08:00:00","guid":{"rendered":"http:\/\/summer-lee.com.w013a091.kasserver.com\/index.php\/2013\/08\/31\/parka-love\/"},"modified":"2016-03-07T09:52:05","modified_gmt":"2016-03-07T08:52:05","slug":"parka-love","status":"publish","type":"post","link":"https:\/\/www.summer-lee.com\/index.php\/2013\/08\/31\/parka-love\/","title":{"rendered":"Parka &#8211; Love"},"content":{"rendered":"<p>Als ich das erste mal beschloss, mir eine Woolrich zuzulegen, ging ich voller Vorfreude im November auf die Suche nach dem passenden Modell. Schnell wurde mir klar, dass der November viel zu sp\u00e4t ist, um sich auf die Suche nach einer begehrten Jacke zu machen. Verk\u00e4uferinnen schauten mich verdutzt und bemitleidend an, als sie folgende Worte sagten: &#8220;Sie sind leider viel zu sp\u00e4t dran! Gehen Sie das n\u00e4chste mal ab Juli in die Stores. Sicher ist sicher.&#8220; Bitte was? Mitten im Hochsommer sich um die Winterjacke k\u00fcmmern? Na super. Aber ich hatte Gl\u00fcck &#8211; in einer kleinen Boutique fand ich damals mein Wunschmodell in der passenden Gr\u00f6\u00dfe (&#8220;Sie haben aber Gl\u00fcck Fr\u00e4ulein!&#8220;).<\/p>\n<div><\/div>\n<div>Es ist also Anfang September und ich m\u00f6chte euch ja nicht hetzen, aber ich habe mir meine Jacken f\u00fcr dieses Jahr schon besorgt und warte voller Vorfreude auf die Kalte Jahreszeit. Der Winter kann mir nichts mehr! Bevor ich euch meine Modelle f\u00fcr diese Saison n\u00e4her vorstelle, habe ich mich ein wenig durch das Internet gek\u00e4mpft und einige Modelle rausgesucht, die h\u00fcbsch aussehen und auch erschwinglich sind. Auch meine Jacken haben sich unter die Modelle geschlichen &#8211; und ich habe euch gleich mal die perfekten Lookalikes herausgesucht \ud83d\ude42<\/div>\n<div><\/div>\n<div>Fangen wir an mit dem Klassiker. Der Parka in Khaki. Seit vier Jahren trage ich den Parka am liebsten in Khaki und habe es noch immer nicht satt. Ich besitze vermutlich viel zu viele Parkas. Normale Jacken habe ich kaum noch. Im Fr\u00fchling trage ich einen Parka. Im Herbst ebenso. Und im Winter erst recht. Nur der Sommer ist parkafrei. Muss auch mal sein. Parka und Fell ist f\u00fcr mich eine unschlagbare Kombo f\u00fcr den Winter.<\/div>\n<div style=\"clear: both; text-align: center;\"><img loading=\"lazy\" class=\"size-full wp-image-52980 aligncenter\" src=\"https:\/\/i0.wp.com\/summer-lee.com.w013a091.kasserver.com\/wp-content\/uploads\/2013\/08\/Foto-28.08.13-15-58-08.jpg?resize=640%2C640\" alt=\"Foto 28.08.13 15 58 08\" width=\"640\" height=\"640\" srcset=\"https:\/\/i0.wp.com\/www.summer-lee.com\/wp-content\/uploads\/2013\/08\/Foto-28.08.13-15-58-08.jpg?w=640&amp;ssl=1 640w, https:\/\/i0.wp.com\/www.summer-lee.com\/wp-content\/uploads\/2013\/08\/Foto-28.08.13-15-58-08.jpg?resize=150%2C150&amp;ssl=1 150w, https:\/\/i0.wp.com\/www.summer-lee.com\/wp-content\/uploads\/2013\/08\/Foto-28.08.13-15-58-08.jpg?resize=300%2C300&amp;ssl=1 300w\" sizes=\"(max-width: 640px) 100vw, 640px\" data-recalc-dims=\"1\" \/><\/div>\n<div style=\"text-align: center;\"><a href=\"http:\/\/rstyle.me\/n\/bnixawhi6\" target=\"_blank\" rel=\"nofollow\"><i><span style=\"color: #999999;\">Kiomi<\/span><\/i><\/a> \/\/ <a href=\"http:\/\/rstyle.me\/n\/bniuxwhi6\" target=\"_blank\" rel=\"nofollow\"><i><span style=\"color: #999999;\">Mint &amp; Berry<\/span><\/i><\/a> \/\/ <a href=\"http:\/\/rstyle.me\/n\/bni2awhi6\" target=\"_blank\" rel=\"nofollow\"><i><span style=\"color: #999999;\">IQ Berlin<\/span><\/i><\/a> \/\/<br \/>\n<a href=\"http:\/\/rstyle.me\/n\/bniy6whi6\" target=\"_blank\" rel=\"nofollow\"><i><span style=\"color: #999999;\">New Look<\/span><\/i><\/a> \/\/ <a href=\"http:\/\/rstyle.me\/n\/bniz4whi6\" target=\"_blank\" rel=\"nofollow\"><i><span style=\"color: #999999;\">IQ Berlin<\/span><\/i><\/a> \/\/ <a href=\"http:\/\/rstyle.me\/n\/bniuawhi6\" target=\"_blank\" rel=\"nofollow\"><i><span style=\"color: #999999;\">Asos<\/span><\/i><\/a> \/\/ <a href=\"http:\/\/rstyle.me\/n\/bnit7whi6\" target=\"_blank\" rel=\"nofollow\"><i><span style=\"color: #999999;\">River Island<\/span><\/i><\/a> \/\/<\/div>\n<div style=\"text-align: center;\"><\/div>\n<div style=\"text-align: center;\">\n<div style=\"text-align: justify;\">Royalblau, cobaltblau und navy haben sich dieses Jahr ganz langsam im mein Herz geschlichen. Wie ihr seht, hat mich der Kiomi Parka von den Bildern her sehr \u00fcberzeugt. Ich stelle ihn mir einfach wahnsinnig kuschelig vor! Wer ihn sich holen sollte muss mir auf jeden Fall berichten, ob der wirklich so toll ist wie ich ihn mir vorstelle! Mein Liebling f\u00fcr diesen Winter ist ganz klar der unisex Woolrich Parka. Ich mag es im Winter wie eine kleine Kugel auszusehen. Eine Kugel auf zwei Beinen in Skinny Hosen oder Strumpfhose. Finde das irgendwie sehr niedlich. Daher habe ich mich dieses Jahr bewusst f\u00fcr das M\u00e4nnermodell entschieden. Den perfekten Lookalike gibt es bei Carhatt f\u00fcr 180\u20ac.<\/div>\n<\/div>\n<div style=\"clear: both; text-align: center;\"><img loading=\"lazy\" class=\"size-full wp-image-52982 aligncenter\" src=\"https:\/\/i1.wp.com\/summer-lee.com.w013a091.kasserver.com\/wp-content\/uploads\/2013\/08\/Foto-28.08.13-15-40-32.jpg?resize=640%2C640\" alt=\"Foto 28.08.13 15 40 32\" width=\"640\" height=\"640\" srcset=\"https:\/\/i2.wp.com\/www.summer-lee.com\/wp-content\/uploads\/2013\/08\/Foto-28.08.13-15-40-32.jpg?w=640&amp;ssl=1 640w, https:\/\/i2.wp.com\/www.summer-lee.com\/wp-content\/uploads\/2013\/08\/Foto-28.08.13-15-40-32.jpg?resize=150%2C150&amp;ssl=1 150w, https:\/\/i2.wp.com\/www.summer-lee.com\/wp-content\/uploads\/2013\/08\/Foto-28.08.13-15-40-32.jpg?resize=300%2C300&amp;ssl=1 300w\" sizes=\"(max-width: 640px) 100vw, 640px\" data-recalc-dims=\"1\" \/><\/div>\n<div style=\"clear: both; text-align: center;\"><a href=\"http:\/\/rstyle.me\/n\/bniwtwhi6\" target=\"_blank\" rel=\"nofollow\"><i><span style=\"color: #999999;\">Kiomi<\/span><\/i><\/a> \/\/ <a href=\"http:\/\/rstyle.me\/n\/bnivywhi6\" target=\"_blank\" rel=\"nofollow\"><i><span style=\"color: #999999;\">Bench<\/span><\/i><\/a> \/\/ <i><span style=\"color: #999999;\">Woolrich Unisexmodell<\/span><\/i> \/\/<\/div>\n<div style=\"clear: both; text-align: center;\"><a href=\"http:\/\/rstyle.me\/n\/bn2uzwhi6\" target=\"_blank\" rel=\"nofollow\"><i><span style=\"color: #999999;\">Carhartt<\/span><\/i><\/a> \/\/ <a href=\"http:\/\/rstyle.me\/n\/bniq7whi6\" target=\"_blank\" rel=\"nofollow\"><i><span style=\"color: #999999;\">Only<\/span><\/i><\/a> \/\/<\/div>\n<div style=\"clear: both; text-align: center;\"><\/div>\n<div style=\"clear: both; text-align: center;\">Weinrot ist ebenfalls eine Farbe, die mir in den kalten Jahreszeiten sehr zusagt. Mein Favorit hier ist ganz klar der Chicwish Parka, den ich selbst in &#8211; oh welche Wunder &#8211; in khaki besitze.<\/div>\n<div style=\"clear: both; text-align: center;\"><img loading=\"lazy\" class=\"size-full wp-image-52983 aligncenter\" src=\"https:\/\/i1.wp.com\/summer-lee.com.w013a091.kasserver.com\/wp-content\/uploads\/2013\/08\/Foto-28.08.13-16-22-43.jpg?resize=640%2C640\" alt=\"Foto 28.08.13 16 22 43\" width=\"640\" height=\"640\" srcset=\"https:\/\/i1.wp.com\/www.summer-lee.com\/wp-content\/uploads\/2013\/08\/Foto-28.08.13-16-22-43.jpg?w=640&amp;ssl=1 640w, https:\/\/i1.wp.com\/www.summer-lee.com\/wp-content\/uploads\/2013\/08\/Foto-28.08.13-16-22-43.jpg?resize=150%2C150&amp;ssl=1 150w, https:\/\/i1.wp.com\/www.summer-lee.com\/wp-content\/uploads\/2013\/08\/Foto-28.08.13-16-22-43.jpg?resize=300%2C300&amp;ssl=1 300w\" sizes=\"(max-width: 640px) 100vw, 640px\" data-recalc-dims=\"1\" \/><\/div>\n<div style=\"text-align: center;\"><a href=\"http:\/\/rstyle.me\/n\/bnixdwhi6\" target=\"_blank\" rel=\"nofollow\"><i><span style=\"color: #999999;\">Kiomi<\/span><\/i><\/a> \/\/ <a href=\"http:\/\/rstyle.me\/n\/bnivbwhi6\" target=\"_blank\" rel=\"nofollow\"><i><span style=\"color: #999999;\">Mint &amp; Berry<\/span><\/i><\/a> \/\/<br \/>\n<a href=\"http:\/\/www.chicwish.com\/hit-the-road-detachable-fur-jacket-in-winelimited-edition.html\" target=\"_blank\" rel=\"nofollow\"><i><span style=\"color: #999999;\">Chicwish<\/span><\/i><\/a>\u00a0\/\/<\/p>\n<div style=\"text-align: justify;\">Zum Schluss m\u00f6chte ich nur noch eines loswerden. In meinen 26 Jahren habe ich einige Fashionerfahrungen sammeln k\u00f6nnen und mir auch einige Regeln aufstellen k\u00f6nnen. Eine wichtige teile ich nun heute mit euch. Es lohnt sich absolut in eine teure(re) Winterjacke zu investieren! Ich wei\u00df noch wie ich als jugendliche lieber gefroren habe (kurze Jacke, d\u00fcnner Stoff, Hauptsache es sah cool aus) und nat\u00fcrlich auch lieber mein Geld f\u00fcr andere Dinge ausgegeben habe als eine &#8218;dicke, h\u00e4\u00dfliche Jacke&#8216;. Heutzutage gibt es so viele sch\u00f6ne, warmhaltende Jacken. Es lohnt sich wirklich, in eine gute und hochwertige Jacke zu investieren. Denn diese wertet das komplette Outfit auf (und h\u00e4lt nebenbei auch noch hoffentlich warm).<\/div>\n<div style=\"text-align: justify;\"><\/div>\n<div style=\"text-align: justify;\">Liebe Gr\u00fc\u00dfe<\/div>\n<div style=\"text-align: justify;\"><\/div>\n<div style=\"text-align: justify;\">Summer<\/div>\n<\/div>\n","protected":false},"excerpt":{"rendered":"<p>Als ich das erste mal beschloss, mir eine Woolrich zuzulegen, ging ich voller Vorfreude im November auf die Suche nach dem passenden Modell. Schnell wurde mir klar, dass der November viel zu sp\u00e4t ist, um sich auf die Suche nach einer begehrten Jacke zu machen. Verk\u00e4uferinnen schauten mich verdutzt und bemitleidend an, als sie folgende &#8230;<\/p>\n","protected":false},"author":1,"featured_media":52982,"comment_status":"open","ping_status":"open","sticky":false,"template":"","format":"standard","meta":{"spay_email":""},"categories":[31],"tags":[],"jetpack_featured_media_url":"https:\/\/i2.wp.com\/www.summer-lee.com\/wp-content\/uploads\/2013\/08\/Foto-28.08.13-15-40-32.jpg?fit=640%2C640&ssl=1","_links":{"self":[{"href":"https:\/\/www.summer-lee.com\/index.php\/wp-json\/wp\/v2\/posts\/50215"}],"collection":[{"href":"https:\/\/www.summer-lee.com\/index.php\/wp-json\/wp\/v2\/posts"}],"about":[{"href":"https:\/\/www.summer-lee.com\/index.php\/wp-json\/wp\/v2\/types\/post"}],"author":[{"embeddable":true,"href":"https:\/\/www.summer-lee.com\/index.php\/wp-json\/wp\/v2\/users\/1"}],"replies":[{"embeddable":true,"href":"https:\/\/www.summer-lee.com\/index.php\/wp-json\/wp\/v2\/comments?post=50215"}],"version-history":[{"count":3,"href":"https:\/\/www.summer-lee.com\/index.php\/wp-json\/wp\/v2\/posts\/50215\/revisions"}],"predecessor-version":[{"id":53934,"href":"https:\/\/www.summer-lee.com\/index.php\/wp-json\/wp\/v2\/posts\/50215\/revisions\/53934"}],"wp:featuredmedia":[{"embeddable":true,"href":"https:\/\/www.summer-lee.com\/index.php\/wp-json\/wp\/v2\/media\/52982"}],"wp:attachment":[{"href":"https:\/\/www.summer-lee.com\/index.php\/wp-json\/wp\/v2\/media?parent=50215"}],"wp:term":[{"taxonomy":"category","embeddable":true,"href":"https:\/\/www.summer-lee.com\/index.php\/wp-json\/wp\/v2\/categories?post=50215"},{"taxonomy":"post_tag","embeddable":true,"href":"https:\/\/www.summer-lee.com\/index.php\/wp-json\/wp\/v2\/tags?post=50215"}],"curies":[{"name":"wp","href":"https:\/\/api.w.org\/{rel}","templated":true}]}}