{"id":50053,"date":"2015-01-09T11:00:00","date_gmt":"2015-01-09T10:00:00","guid":{"rendered":"http:\/\/summer-lee.com.w013a091.kasserver.com\/index.php\/2015\/01\/09\/der-hype-um-zara-produkte-meine-persoenlichen-tops-und-flops\/"},"modified":"2016-03-07T09:52:27","modified_gmt":"2016-03-07T08:52:27","slug":"der-hype-um-zara-produkte-meine-persoenlichen-tops-und-flops","status":"publish","type":"post","link":"https:\/\/www.summer-lee.com\/index.php\/2015\/01\/09\/der-hype-um-zara-produkte-meine-persoenlichen-tops-und-flops\/","title":{"rendered":"Der Hype um Zara-Produkte: meine pers\u00f6nlichen Tops und Flops."},"content":{"rendered":"<p>Ende 2011 bestellte ich mir einen Zara Parka im Winter-Sale. Urspr\u00fcnglich kostete dieser Parka 100\u20ac und ich konnte ihn im Sale f\u00fcr 69\u20ac ergattern. Obwohl ich mich schon immer sehr f\u00fcr Mode interessierte, ist mir bei diesem Parka zum ersten Mal ein Hype um ein bestimmtes Produkt aufgefallen. \u00dcberall suchten M\u00e4dels nach diesem Parka mit der riesigen Kapuze und sie waren sogar bereit, auf Ebay das doppelt und dreifache des urspr\u00fcnglichen Preises zu zahlen, nur um diesen Parka zu besitzen. Auch Jahre danach bekomme ich noch Mails mit der Anfrage, ob ich meinen Parka verkaufen w\u00fcrde. In den folgenden Jahren kaufte ich immer wieder einige der \u00fcberhypten Produkte. Manche wurden zu meinen &#8220;all-time favorites&#8220; und begleiten mich nun schon seit Jahren und andere wiederrum wurden schnell wieder von mir aussortiert, da sie einfach nicht zu mir passten und ich mich einfach von diesem Hype habe anstecken lassen.<\/p>\n<p>Ich habe den extremen Hype um gewisse Produkte von Zara nie ganz verstanden &#8211; bis heute. Bis ich selbst halb wahnsinnig wurde und das nur, weil ich ein ganz spezielles Produkt haben wollte &#8211; nein, haben musste. Unbedint, total irrational und zu (<i>fast<\/i>) jedem Preis. Ich hasse mich daf\u00fcr, dass ich diesen einen Mantel damals nicht einfach mitgenommen hatte, als er noch en masse im Laden hing. Ich war sogar mehrmals dort und habe ihn anprobiert und f\u00fcr gut befunden. Aber nein, ich war vern\u00fcnftig und nun habe ich den Salat. Und der rationale Teil in meinem Kopf schreit mich die ganze Zeit einfach an: &#8220;M\u00e4dchen, bist du v\u00f6llig irre? Es ist NUR ein Kleidungsst\u00fcck! Kannst du dich bitte wieder wie ein normaler Mensch verhalten?!&#8220; Und mein Herz piepst die ganze Zeit: &#8220;Aber er ist sooo sch\u00f6n und sooo kuschelig und sooo anders und komm, du hast schon sooo viele Outfits im Kopf, also g\u00f6nn dir!&#8220;. Das Ende der Geschichte: ich habe ihn mir \u00fcber Ebay \u00fcberteuert gekauft &#8211; inklusive Kopfsch\u00fctteln, schlechtem Gewissen und einer zaghaften &#8220;Naja, dann ist es eben dein Geburtstagsgeschenk an dich!&#8220; als Rechtfertigung. Kommt es eigentlich nur mir so vor, oder wird der Hype um Zara-Produkte von Jahr zu Jahr schlimmer?<\/p>\n<p>In diesem Zuge habe ich mir mal meinen Kleiderschrank durchforstet und meine ganz per\u00f6nlichen Tops und Flops der gehypten Zara-Produkte (chronologisch) zusammen gestellt. Nat\u00fcrlich gab es noch viele andere Produkte, die gehyped wurden, aber entweder haben sie mich gar nicht angesprochen oder sind einfach an mir vorbei gezogen. Folgende Artikel sind wirklich nur meine ganz pers\u00f6nlichen Tops und Flops aus einem riesigen Pool an gehypten Zara-Artikeln. Ich w\u00fcrde mich sehr freuen, wenn ihr mir in den Kommentaren noch andere gehypte Artikel aufz\u00e4hlt. Besitzt ihr auch so ein gehyptes Kleidungsst\u00fcck und ist es ein Top oder Flop f\u00fcr euch?<\/p>\n<p><i>Dezember 2011 &#8211; TOP<\/i>: Zara Parka in einem dunklen Tannengr\u00fcn mit einer Riesenkapuze. F\u00fcr mich ein absoluter Gl\u00fccksgriff. Im Sale ergattert und seit nun \u00fcber drei Jahren mein treuer Begleiter im Fr\u00fchling\/ Sp\u00e4tsommer. Der Parka l\u00f6ste eine regelrechte Parka-Liebe bei mir aus und passt einfach zu jedem Outfit.<\/p>\n<div style=\"clear: both; text-align: center;\"><img loading=\"lazy\" class=\"size-full wp-image-51417 aligncenter\" src=\"https:\/\/i2.wp.com\/summer-lee.com.w013a091.kasserver.com\/wp-content\/uploads\/2015\/01\/FILE3607-001.jpg?resize=800%2C534\" alt=\"FILE3607-001\" width=\"800\" height=\"534\" srcset=\"https:\/\/i1.wp.com\/www.summer-lee.com\/wp-content\/uploads\/2015\/01\/FILE3607-001.jpg?w=800&amp;ssl=1 800w, https:\/\/i1.wp.com\/www.summer-lee.com\/wp-content\/uploads\/2015\/01\/FILE3607-001.jpg?resize=300%2C200&amp;ssl=1 300w\" sizes=\"(max-width: 800px) 100vw, 800px\" data-recalc-dims=\"1\" \/><\/div>\n<p><i>Februar 2012 &#8211; TOP<\/i>: Meine hei\u00dfgeliebten Zara Boots mit Nieten. Sie werden jedes Jahr aufs neue im Fr\u00fchling\/ Sommer heraus geholt und geh\u00f6ren zu meinen Outfits wie die Faust aufs Auge. Dieser Schuh erlebte einen Hype, den ich bis dato noch nicht gesehen habe. Im Internet werden sie f\u00fcr den dreifachen Originalpreis angeboten und fast immer fanden sie auch einen Abnehmer. Ich liebe diese Boots (gehe sogar so weit und behaupte, dass sie meine absoluten Lieblingsschuhe sind) und trage sie am liebsten zu Shorts oder Sommerkleidchen.<\/p>\n<div style=\"clear: both; text-align: center;\"><img loading=\"lazy\" class=\"size-full wp-image-51416 aligncenter\" src=\"https:\/\/i2.wp.com\/summer-lee.com.w013a091.kasserver.com\/wp-content\/uploads\/2015\/01\/2552358_IMG_4990.jpg?resize=900%2C600\" alt=\"2552358_IMG_4990\" width=\"900\" height=\"600\" srcset=\"https:\/\/i2.wp.com\/www.summer-lee.com\/wp-content\/uploads\/2015\/01\/2552358_IMG_4990.jpg?w=900&amp;ssl=1 900w, https:\/\/i2.wp.com\/www.summer-lee.com\/wp-content\/uploads\/2015\/01\/2552358_IMG_4990.jpg?resize=300%2C200&amp;ssl=1 300w\" sizes=\"(max-width: 900px) 100vw, 900px\" data-recalc-dims=\"1\" \/><\/div>\n<div style=\"clear: both; text-align: center;\"><\/div>\n<div style=\"clear: both; text-align: center;\"><img loading=\"lazy\" class=\"size-full wp-image-51415 aligncenter\" src=\"https:\/\/i2.wp.com\/summer-lee.com.w013a091.kasserver.com\/wp-content\/uploads\/2015\/01\/Instagram.jpg?resize=800%2C566\" alt=\"Instagram\" width=\"800\" height=\"566\" srcset=\"https:\/\/i0.wp.com\/www.summer-lee.com\/wp-content\/uploads\/2015\/01\/Instagram.jpg?w=800&amp;ssl=1 800w, https:\/\/i0.wp.com\/www.summer-lee.com\/wp-content\/uploads\/2015\/01\/Instagram.jpg?resize=300%2C212&amp;ssl=1 300w\" sizes=\"(max-width: 800px) 100vw, 800px\" data-recalc-dims=\"1\" \/><\/div>\n<p><i>M\u00e4rz 2012 &#8211; FLOP<\/i>: Erinnert ihr euch noch an die ultraknappen Spitzenshorts von Zara? Die wollte ich unbedingt haben, weil ich sie so sch\u00f6n fand. So m\u00e4dchenhaft und verspielt! Fr\u00fchjahr 2012 war mein Look so m\u00e4dchenhaft wie noch nie und diese Shorts passten so gut zu dem Look! Leider waren sie \u00fcberall ausverkauft. Habe damals alle Zara-Filialen in meiner N\u00e4he abgeklappert um dann in Wiesbaden diese Shorts zu finden. Naja, als Student hat man ja viel Zeit und kann auch mal einen Ausflug in benachbarte St\u00e4dte machen&#8230; Viel Aufwand f\u00fcr die Shorts, aber auf Dauer konnten sie nicht gl\u00fccklich machen. Hier k\u00f6nnt ihr zum Beispiel Outfits damit sehen: <i><span style=\"color: #999999;\">Head under water and you tell me to breath easy<\/span><\/i> \/\/ <i><span style=\"color: #999999;\">Parka, Aztec Jumper, Lace Shorts. Love.<\/span><\/i> \/\/ <i><span style=\"color: #999999;\">Erdbeersorbet &amp; Minztopping<\/span><\/i> \/\/ <i><span style=\"color: #999999;\">New obsession &#8211; D&amp;G L&#8217;imperatrice<\/span><\/i> \/\/<\/p>\n<p><i>Juli 2012 &#8211; FLOP<\/i>: Die Lederjacke mit den goldenen Nieten. Das war Liebe auf dem ersten Blick &#8211; aber leider verflog diese Liebe recht schnell. Irgendwie waren die goldenen Nieten doch ein wenig zu viel des Guten und nachdem ich sie ein paar Monate getragen habe, sehnte ich mich nach einer etwas schlichteren Jacke, welche ich dann im Juni 2013 gefunden habe.<\/p>\n<div style=\"clear: both; text-align: center;\"><img loading=\"lazy\" class=\"size-full_content wp-image-51414 aligncenter\" src=\"https:\/\/i2.wp.com\/summer-lee.com.w013a091.kasserver.com\/wp-content\/uploads\/2015\/01\/Foto122-960x960.jpeg?resize=960%2C960\" alt=\"Foto122\" width=\"960\" height=\"960\" srcset=\"https:\/\/i0.wp.com\/www.summer-lee.com\/wp-content\/uploads\/2015\/01\/Foto122.jpeg?resize=960%2C960&amp;ssl=1 960w, https:\/\/i0.wp.com\/www.summer-lee.com\/wp-content\/uploads\/2015\/01\/Foto122.jpeg?resize=150%2C150&amp;ssl=1 150w, https:\/\/i0.wp.com\/www.summer-lee.com\/wp-content\/uploads\/2015\/01\/Foto122.jpeg?resize=300%2C300&amp;ssl=1 300w, https:\/\/i0.wp.com\/www.summer-lee.com\/wp-content\/uploads\/2015\/01\/Foto122.jpeg?resize=1024%2C1024&amp;ssl=1 1024w, https:\/\/i0.wp.com\/www.summer-lee.com\/wp-content\/uploads\/2015\/01\/Foto122.jpeg?w=1600&amp;ssl=1 1600w\" sizes=\"(max-width: 960px) 100vw, 960px\" data-recalc-dims=\"1\" \/><\/div>\n<div style=\"clear: both; text-align: center;\"><\/div>\n<p>August 2012 &#8211; TOP: Der goldene Pailetten-Rock! Er begleitet mich \u00fcberall hin und ich trage ihn sowohl zur Arbeit, als auch f\u00fcr einen Shopping-Tag mit meinen Liebsten oder zum feiern. <i><span style=\"color: #999999;\">Schlicht kombiniert zu einem wei\u00dfen Shirt und wei\u00dfen Sneakern<\/span><\/i> ist es f\u00fcr mich das perfekte Outfit! Es ist das einzige Kleidungsst\u00fcck, das ich mir jemals nachkaufte, weil es kaputt ging.<\/p>\n<div style=\"clear: both; text-align: center;\"><img loading=\"lazy\" class=\"size-full wp-image-51413 aligncenter\" src=\"https:\/\/i0.wp.com\/summer-lee.com.w013a091.kasserver.com\/wp-content\/uploads\/2015\/01\/Instagram1.jpg?resize=800%2C800\" alt=\"Instagram1\" width=\"800\" height=\"800\" srcset=\"https:\/\/i2.wp.com\/www.summer-lee.com\/wp-content\/uploads\/2015\/01\/Instagram1.jpg?w=800&amp;ssl=1 800w, https:\/\/i2.wp.com\/www.summer-lee.com\/wp-content\/uploads\/2015\/01\/Instagram1.jpg?resize=150%2C150&amp;ssl=1 150w, https:\/\/i2.wp.com\/www.summer-lee.com\/wp-content\/uploads\/2015\/01\/Instagram1.jpg?resize=300%2C300&amp;ssl=1 300w\" sizes=\"(max-width: 800px) 100vw, 800px\" data-recalc-dims=\"1\" \/><\/div>\n<p>M\u00e4rz 2013 &#8211; FLOP: Die wei\u00dfen Skorts. Da war ich relativ lahm und habe ihn erst gekauft, nachdem ich sie schon an s\u00e4mtlichen Bloggern gesehen habe und mich dann vermutlich schon daran satt gesehen habe. Zwei Monate lang hab ich sie sehr gerne und h\u00e4ufig getragen, aber danach verlie\u00df mich auch schon die Lust auf diese Shorts.<\/p>\n<div style=\"clear: both; text-align: center;\"><img loading=\"lazy\" class=\"size-full wp-image-51412 aligncenter\" src=\"https:\/\/i0.wp.com\/summer-lee.com.w013a091.kasserver.com\/wp-content\/uploads\/2015\/01\/Instagram2.jpg?resize=800%2C400\" alt=\"Instagram2\" width=\"800\" height=\"400\" srcset=\"https:\/\/i1.wp.com\/www.summer-lee.com\/wp-content\/uploads\/2015\/01\/Instagram2.jpg?w=800&amp;ssl=1 800w, https:\/\/i1.wp.com\/www.summer-lee.com\/wp-content\/uploads\/2015\/01\/Instagram2.jpg?resize=300%2C150&amp;ssl=1 300w\" sizes=\"(max-width: 800px) 100vw, 800px\" data-recalc-dims=\"1\" \/><\/div>\n<p><i>Juni 2013 &#8211; TOP<\/i>: Der Klassiker etwas neu interpretiert. Die Rede ist von der schwarzen Lederjacke im Bikerlook mit schwarzen Nieten. Unauff\u00e4llig, trotzdem sehr spannend. Allerdings wurde diese Jacke nie so sehr gehyped wie die mit den goldenen Nieten. Ich verkaufte also das gehypte Modell und kaufte mir die ruhigere Version und siehe da: ich bin bis heute gl\u00fccklich mit ihr. Einige Looks mit der Lederjacke findet ihr hier:\u00a0<i><span style=\"color: #999999;\"><span style=\"color: #999999;\">Black. Grey. White.<\/span>\u00a0<\/span><\/i>\/\/\u00a0<i><span style=\"color: #999999;\">The nerdy one<\/span><\/i>\u00a0\/\/\u00a0<i><span style=\"color: #999999;\">Leather on leather &#8211; Ivy Revel<\/span><\/i>\u00a0\/\/\u00a0<i><span style=\"color: #999999;\">Hell-Oh-Kitty PT 3<\/span><\/i>\u00a0\/\/\u00a0<i><span style=\"color: #999999;\">Destroyed Jeans, Karoschal &amp; Leder<\/span><\/i>\u00a0\/\/\u00a0<span style=\"color: #999999;\"><i>Leo. Lace. Leather. Pink<\/i><\/span>\u00a0\/\/\u00a0<i><span style=\"color: #999999;\">The Midi Skirt. I am deeply in love.<\/span><\/i>\u00a0\/\/\u00a0<i><span style=\"color: #999999;\">Maxirock. Lederjacke. Wallehaare.<\/span><\/i>\u00a0\/\/<\/p>\n<div style=\"clear: both; text-align: center;\"><\/div>\n<p><i>Oktober 2013 &#8211; TOP<\/i>: Den Schal habe ich gekauft, als er frisch raus kam und noch 22\u20ac kostete, statt dann bei der 1. Aufstockungsunde in Zara f\u00fcr 26\u20ac und sp\u00e4ter dann bei Ebay f\u00fcr Preise bis zu 100\u20ac! Das ist wirklich krank! Zugegeben, der Schal ist toll, riesig und kuschelig, aber wer zahlt denn f\u00fcr einen Schal bitte 100\u20ac?? Dieser Schal war f\u00fcr 22\u20ac ein echt guter Kauf und dient mir auf der Arbeit auch h\u00e4ufig als Kuscheldecke, wenn mal im Winter gel\u00fcftet wird oder die Heizung mal ausf\u00e4llt&#8230;<\/p>\n<div style=\"clear: both; text-align: center;\"><img loading=\"lazy\" class=\"size-full_content wp-image-51411 aligncenter\" src=\"https:\/\/i2.wp.com\/summer-lee.com.w013a091.kasserver.com\/wp-content\/uploads\/2015\/01\/Snapseed24-960x1441.jpg?resize=960%2C1441\" alt=\"Snapseed24\" width=\"960\" height=\"1441\" srcset=\"https:\/\/i2.wp.com\/www.summer-lee.com\/wp-content\/uploads\/2015\/01\/Snapseed24.jpg?resize=960%2C1441&amp;ssl=1 960w, https:\/\/i2.wp.com\/www.summer-lee.com\/wp-content\/uploads\/2015\/01\/Snapseed24.jpg?resize=200%2C300&amp;ssl=1 200w, https:\/\/i2.wp.com\/www.summer-lee.com\/wp-content\/uploads\/2015\/01\/Snapseed24.jpg?resize=682%2C1024&amp;ssl=1 682w, https:\/\/i2.wp.com\/www.summer-lee.com\/wp-content\/uploads\/2015\/01\/Snapseed24.jpg?w=1066&amp;ssl=1 1066w\" sizes=\"(max-width: 960px) 100vw, 960px\" data-recalc-dims=\"1\" \/><\/div>\n<p><i>Mai 2014 &#8211; TOP<\/i>: Der rosafarbene, oversized Mantel. Hier stimmt das Motto &#8220;alle guten Dinge sind drei&#8220;. Zwei mal habe ich ihn gekauft und wieder zur\u00fcck gebracht und doch konnte ich den Mantel nicht vergessen. Beim dritten mal durfte er bleiben und auch wenn ich noch nicht wei\u00df, ob ich den Mantel in zwei Jahren noch immer tragen werde, so wird der Mantel 2015 doch noch h\u00e4ufig zum Einsatz kommen.<\/p>\n<div style=\"clear: both; text-align: center;\"><\/div>\n<p><img loading=\"lazy\" class=\"size-full wp-image-51410 aligncenter\" src=\"https:\/\/i1.wp.com\/summer-lee.com.w013a091.kasserver.com\/wp-content\/uploads\/2015\/01\/Instagram3.jpg?resize=800%2C320\" alt=\"Instagram3\" width=\"800\" height=\"320\" srcset=\"https:\/\/i2.wp.com\/www.summer-lee.com\/wp-content\/uploads\/2015\/01\/Instagram3.jpg?w=800&amp;ssl=1 800w, https:\/\/i2.wp.com\/www.summer-lee.com\/wp-content\/uploads\/2015\/01\/Instagram3.jpg?resize=300%2C120&amp;ssl=1 300w\" sizes=\"(max-width: 800px) 100vw, 800px\" data-recalc-dims=\"1\" \/><br \/>\nDie meisten Sachen, die ich mir vor dem richtigen Hype gekauft habe, trage ich schon seit mehreren Jahren. Die Produkte, die ich mir wirklich nur gekauft habe, weil sie extrem gehyped wurden, habe ich in der Regel wieder schnell aussortiert. Daher bin ich mal sehr gespannt, wie das mit dem neuen Mantel wird &#8211; ob wir eine langj\u00e4hrige Freundschaft miteinander eingehen werden? Mal sehen! Sobald der Mantel da ist, zeige ich ihn euch hier auf dem Blog.<\/p>\n<p>Love,<br \/>\nSummer<\/p>\n","protected":false},"excerpt":{"rendered":"<p>Ende 2011 bestellte ich mir einen Zara Parka im Winter-Sale. Urspr\u00fcnglich kostete dieser Parka 100\u20ac und ich konnte ihn im Sale f\u00fcr 69\u20ac ergattern. Obwohl ich mich schon immer sehr f\u00fcr Mode interessierte, ist mir bei diesem Parka zum ersten Mal ein Hype um ein bestimmtes Produkt aufgefallen. \u00dcberall suchten M\u00e4dels nach diesem Parka mit &#8230;<\/p>\n","protected":false},"author":1,"featured_media":51416,"comment_status":"open","ping_status":"open","sticky":false,"template":"","format":"standard","meta":{"spay_email":""},"categories":[59,31],"tags":[3],"jetpack_featured_media_url":"https:\/\/i2.wp.com\/www.summer-lee.com\/wp-content\/uploads\/2015\/01\/2552358_IMG_4990.jpg?fit=900%2C600&ssl=1","_links":{"self":[{"href":"https:\/\/www.summer-lee.com\/index.php\/wp-json\/wp\/v2\/posts\/50053"}],"collection":[{"href":"https:\/\/www.summer-lee.com\/index.php\/wp-json\/wp\/v2\/posts"}],"about":[{"href":"https:\/\/www.summer-lee.com\/index.php\/wp-json\/wp\/v2\/types\/post"}],"author":[{"embeddable":true,"href":"https:\/\/www.summer-lee.com\/index.php\/wp-json\/wp\/v2\/users\/1"}],"replies":[{"embeddable":true,"href":"https:\/\/www.summer-lee.com\/index.php\/wp-json\/wp\/v2\/comments?post=50053"}],"version-history":[{"count":15,"href":"https:\/\/www.summer-lee.com\/index.php\/wp-json\/wp\/v2\/posts\/50053\/revisions"}],"predecessor-version":[{"id":53995,"href":"https:\/\/www.summer-lee.com\/index.php\/wp-json\/wp\/v2\/posts\/50053\/revisions\/53995"}],"wp:featuredmedia":[{"embeddable":true,"href":"https:\/\/www.summer-lee.com\/index.php\/wp-json\/wp\/v2\/media\/51416"}],"wp:attachment":[{"href":"https:\/\/www.summer-lee.com\/index.php\/wp-json\/wp\/v2\/media?parent=50053"}],"wp:term":[{"taxonomy":"category","embeddable":true,"href":"https:\/\/www.summer-lee.com\/index.php\/wp-json\/wp\/v2\/categories?post=50053"},{"taxonomy":"post_tag","embeddable":true,"href":"https:\/\/www.summer-lee.com\/index.php\/wp-json\/wp\/v2\/tags?post=50053"}],"curies":[{"name":"wp","href":"https:\/\/api.w.org\/{rel}","templated":true}]}}