{"id":50086,"date":"2014-10-02T10:01:00","date_gmt":"2014-10-02T08:01:00","guid":{"rendered":"http:\/\/summer-lee.com.w013a091.kasserver.com\/index.php\/2014\/10\/02\/meine-lv-sac-noe-aus-dem-jahre-1993\/"},"modified":"2021-01-13T09:46:34","modified_gmt":"2021-01-13T08:46:34","slug":"meine-lv-sac-noe-aus-dem-jahre-1993","status":"publish","type":"post","link":"http:\/\/www.summer-lee.com\/index.php\/2014\/10\/02\/meine-lv-sac-noe-aus-dem-jahre-1993\/","title":{"rendered":"Meine LV Sac No\u00e9 aus dem Jahre 1993."},"content":{"rendered":"<p>Im Sommer 1993 &#8211; vor 21 Jahren &#8211; nahm meine Oma mein sechsj\u00e4hriges ich an die Hand und fuhr mit mir an den Pekinger Flughafen. 14 Stunden Flug trennten mich von Deutschland. Dort warteten meine Eltern auf mich, nachdem sie sich eine kleine Existenz aufgebaut hatten. Ich hatte keine Vorstellung, was f\u00fcr eine Ver\u00e4nderung das ganze f\u00fcr mich bedeuten w\u00fcrde. Ich wei\u00df nicht mal mehr, ob ich wusste, dass ich nicht mehr nach Peking zur\u00fcck kehren w\u00fcrde. Aber wie erkl\u00e4rt man das auch einem Kind? Aus der lauten, bunten Gro\u00dfstadt direkt nach Nieder-Beerbach, einem kleinen D\u00f6rfchen mitten im Nirgendwo&#8230; ungewohntes Essen, anders aussehende Menschen und eine Sprache, die ich nicht verstand (wie anpassungsf\u00e4hig Menschen doch eigentlich sind, aber wie extrem sich manche Leute gegen Ver\u00e4nderungen wehren&#8230;).<\/p>\n<div>\n<div style=\"clear: both; text-align: center;\"><img loading=\"lazy\" class=\"size-full wp-image-51955 aligncenter\" src=\"https:\/\/i2.wp.com\/summer-lee.com.w013a091.kasserver.com\/wp-content\/uploads\/2014\/10\/10411835_713783095343514_6621495574330916443_n.jpg?resize=800%2C534\" alt=\"10411835_713783095343514_6621495574330916443_n\" width=\"800\" height=\"534\" srcset=\"https:\/\/i0.wp.com\/www.summer-lee.com\/wp-content\/uploads\/2014\/10\/10411835_713783095343514_6621495574330916443_n.jpg?w=800 800w, https:\/\/i0.wp.com\/www.summer-lee.com\/wp-content\/uploads\/2014\/10\/10411835_713783095343514_6621495574330916443_n.jpg?resize=300%2C200 300w\" sizes=\"(max-width: 800px) 100vw, 800px\" data-recalc-dims=\"1\" \/><\/div>\n<div style=\"clear: both; text-align: center;\"><\/div>\n<\/div>\n<div>1993 begann also mein Leben in Deutschland. Meine Eltern holten meine Oma und mich in einem Ford ab &#8211; stolz wie Oscar &#8211; F\u00fchrerschein, eigenes Auto und eine kleine zwei-Zimmer Wohnung. Ich wei\u00df nicht mehr wie, aber wir haben es geschafft, mehrere Monate zu viert in einer kleinen zwei-Zimmer Wohnung zu leben. Ich komme noch immer nicht darauf klar, dass diese Wohnung jetzt ein Fu\u00dfpflegestudio ist. Das mag vielleicht keiner nachvollziehen k\u00f6nnen, aber der Gedanke, dass diese kleine Wohnung, in der wir \u00fcber 3 Jahre gelebt haben mittlerweile nur gut genug f\u00fcr ein Fu\u00dfpflegestudio ist, das wirkt so &#8222;als w\u00fcrden sie mit F\u00fc\u00dfen auf meiner Vergangenheit herum trampeln, als w\u00e4re diese Wohnung nicht gut genug, um Menschen drin wohnen zu lassen&#8220;.<\/div>\n<div><\/div>\n<div>1993 &#8211; aus diesem Jahrgang ist auch meine Sac No\u00e9. Ihr wisst, wie ich zu den g\u00e4ngigen Monogramm Modellen von Louis Vuitton stehe: in der Regel mag ich sie nicht. Vor allem die Speedy. Ich habe es nie verstanden, wie man 600\u20ac f\u00fcr eine Tasche ausgeben konnte, die an so vielen Ellenbogen baumeln und die im Einkauf 200\u20ac kostet (gut, im Verkauf wird fast jeder Artikel mit 300% Aufpreis angeboten). Und ich mag sie vermutlich auch nicht, weil ich damit verschiedene Personen verbinde, die ich pers\u00f6nlich nicht mag. Daf\u00fcr kann die Tasche ja nichts. Meine No\u00e9 ist vintage und somit nat\u00fcrlich wesentlich g\u00fcnstiger als eine Sac No\u00e9 im neuen Zustand. Um ehrlich zu sein, finde ich &#8211; neben der Preisfrage &#8211; die Vintage St\u00fccke mit der dunkleren Verf\u00e4rbung einfach sch\u00f6ner. Irgendwie haben sie mehr Leben als die neuen Modelle. So habe ich Anfang des Jahres angefangen, im Internet nach der Tasche Ausschau zu halten. Aber oft waren die Modelle noch immer recht teuer und sahen einfach schon grausig aus. Selbst als ich <span style=\"color: #999999;\"><i>Gl\u00fcck und Glanz<\/i><\/span> entdeckte, habe ich weitere 5 Monate gewartet, bis ich meine perfekte No\u00e9 gefunden habe. Dieses mal lag es aber nicht an der Qualit\u00e4t, denn die Taschen bei Gl\u00fcck und Glanz sind allesamt sehr gut erhalten &#8211; so weit ich das beurteilen kann. Ich stand also sehr lange in Kontakt mit Phillis von <a href=\"http:\/\/www.glueckundglanz.de\/\" target=\"_blank\" rel=\"noopener\"><i><span style=\"color: #999999;\">Gl\u00fcck und Glanz<\/span><\/i><\/a>, bevor ich mich letztendlich f\u00fcr den Kauf der Tasche entschieden hatte (i<i>n ihrem Shop findet ihr \u00fcbrigens nicht nur Vintage-St\u00fccke von Louis Vuitton, sondern auch von Marken wie Moschino oder MCM<\/i>).\u00a0Sie hat stets geduldig meine Fragen beantwortet und mir Tipps gegeben und mich nie bedr\u00e4ngt, oder mir etwas andrehen wollen (<i>Achtung! Augen auf beim Kauf &#8211; Vintage ist nicht gleich Vintage! Manche Modelle sind in einem so schlechten Zustand, dass es keinen Spa\u00df macht, sie zu tragen&#8230;<\/i>). Eine Frage stellte ich ihr dabei immer wieder: &#8220;Wie alt ist denn die Tasche?&#8220; Der Hintergrund mag ein wenig nerdig klingen: aber wenn ich schon eine Vintage-Tasche kaufe, dann m\u00f6chte ich mich auch irgendwie mit ihr identifizieren k\u00f6nnen und neben der Tatsache, dass sie gut gepflegt sein sollte, spielte tats\u00e4chlich das Alter der Tasche eine wichtige Rolle bei meiner Kaufentscheidung. Kann man das irgendwie nachvollziehen? Oder ist das wirklich zu nerdig? Als sie mir dann wieder mal eine No\u00e9 pr\u00e4sentierte und sagte, dass sie eine sehr gut erhaltene Tasche aus dem Jahre 1993 bei sich hatte, musste ich wirklich keine Sekunde mehr \u00fcber den Kauf nachdenken. Nicht mal eine Tasche aus meinem Geburtsjahr h\u00e4tte perfekter f\u00fcr mich sein k\u00f6nnen.<\/div>\n<div>\n<div style=\"clear: both; text-align: center;\"><img loading=\"lazy\" class=\"size-full wp-image-51954 aligncenter\" src=\"https:\/\/i0.wp.com\/summer-lee.com.w013a091.kasserver.com\/wp-content\/uploads\/2014\/10\/IMGL5935.jpg?resize=800%2C534\" alt=\"IMGL5935\" width=\"800\" height=\"534\" srcset=\"https:\/\/i2.wp.com\/www.summer-lee.com\/wp-content\/uploads\/2014\/10\/IMGL5935.jpg?w=800 800w, https:\/\/i2.wp.com\/www.summer-lee.com\/wp-content\/uploads\/2014\/10\/IMGL5935.jpg?resize=300%2C200 300w\" sizes=\"(max-width: 800px) 100vw, 800px\" data-recalc-dims=\"1\" \/><\/div>\n<p>Dass meine No\u00e9 ausgerechnet aus dem Jahr stammt, an dem mein Leben umgekrempelt wurde, das fasziniert mich einfach ungemein. Vielleicht sa\u00df ich gerade im Flugzeug nach Deutschland und wusste nicht, wie mir geschah, als in Frankreich eine elegante Dame in den LV Store spazierte und sich diese Tasche zulegte. Vielleicht war es auch eine junge Frau und sie hat viel sparen m\u00fcssen, um sich einen kleinen Traum zu erf\u00fcllen&#8230; Wer kann schon genau sagen, welche Geschichten die Tasche schon erlebt hat?<\/p>\n<p>F\u00fcr mich steckt in dieser No\u00e9 die Tr\u00e4ume eines kleinen M\u00e4dchens, das mit 6 Jahren nach Deutschland kam, um die Welt zu erobern. Um zu lernen, was es bedeutet, ein einfaches und sparsames Leben zu leben, die kleinen Dinge im Leben zu sch\u00e4tzen und trotzdem nie den Traum einer gro\u00dfen Zukunft aufzugeben. Sie hat gelernt, dass man auf gute Dinge warten muss, dass man sie sich erarbeiten muss &#8211; Schritt f\u00fcr Schritt, denn egal wie weit der Weg ist, man muss den ersten Schritt tun.<\/p>\n<p>Love,<br \/>\nSummer<\/p>\n<p>Bilder: <i><span style=\"color: #999999;\">Talkasia<\/span><\/i> \/\/ <i><span style=\"color: #999999;\">Digital Passion<\/span><\/i><\/p>\n<\/div>\n","protected":false},"excerpt":{"rendered":"<p>Im Sommer 1993 &#8211; vor 21 Jahren &#8211; nahm meine Oma mein sechsj\u00e4hriges ich an die Hand und fuhr mit mir an den Pekinger Flughafen. 14 Stunden Flug trennten mich von Deutschland. Dort warteten meine Eltern auf mich, nachdem sie sich eine kleine Existenz aufgebaut hatten. Ich hatte keine Vorstellung, was f\u00fcr eine Ver\u00e4nderung das &#8230;<\/p>\n","protected":false},"author":1,"featured_media":51955,"comment_status":"open","ping_status":"open","sticky":false,"template":"","format":"standard","meta":{"spay_email":""},"categories":[111,735,31],"tags":[40,41],"jetpack_featured_media_url":"https:\/\/i0.wp.com\/www.summer-lee.com\/wp-content\/uploads\/2014\/10\/10411835_713783095343514_6621495574330916443_n.jpg?fit=800%2C534","_links":{"self":[{"href":"http:\/\/www.summer-lee.com\/index.php\/wp-json\/wp\/v2\/posts\/50086"}],"collection":[{"href":"http:\/\/www.summer-lee.com\/index.php\/wp-json\/wp\/v2\/posts"}],"about":[{"href":"http:\/\/www.summer-lee.com\/index.php\/wp-json\/wp\/v2\/types\/post"}],"author":[{"embeddable":true,"href":"http:\/\/www.summer-lee.com\/index.php\/wp-json\/wp\/v2\/users\/1"}],"replies":[{"embeddable":true,"href":"http:\/\/www.summer-lee.com\/index.php\/wp-json\/wp\/v2\/comments?post=50086"}],"version-history":[{"count":5,"href":"http:\/\/www.summer-lee.com\/index.php\/wp-json\/wp\/v2\/posts\/50086\/revisions"}],"predecessor-version":[{"id":59499,"href":"http:\/\/www.summer-lee.com\/index.php\/wp-json\/wp\/v2\/posts\/50086\/revisions\/59499"}],"wp:featuredmedia":[{"embeddable":true,"href":"http:\/\/www.summer-lee.com\/index.php\/wp-json\/wp\/v2\/media\/51955"}],"wp:attachment":[{"href":"http:\/\/www.summer-lee.com\/index.php\/wp-json\/wp\/v2\/media?parent=50086"}],"wp:term":[{"taxonomy":"category","embeddable":true,"href":"http:\/\/www.summer-lee.com\/index.php\/wp-json\/wp\/v2\/categories?post=50086"},{"taxonomy":"post_tag","embeddable":true,"href":"http:\/\/www.summer-lee.com\/index.php\/wp-json\/wp\/v2\/tags?post=50086"}],"curies":[{"name":"wp","href":"https:\/\/api.w.org\/{rel}","templated":true}]}}